{"id":80531,"date":"2025-06-23T09:13:22","date_gmt":"2025-06-23T13:13:22","guid":{"rendered":"https:\/\/www.pinchili.com\/web\/?p=80531"},"modified":"2025-06-23T09:55:44","modified_gmt":"2025-06-23T13:55:44","slug":"top-20-ferias-clave-mayo-2025-2-3-2","status":"publish","type":"post","link":"https:\/\/www.pinchili.com\/web\/es\/ferias\/top-20-ferias-clave-mayo-2025-2-3-2\/","title":{"rendered":"Ferias comerciales en China | Octubre \u200b\u200b2025"},"content":{"rendered":"\n<p class=\"has-black-color has-text-color has-link-color wp-elements-d93d9e3e57e77a7eb9b3aebb78d5aca8\">\u00a1Prepara tu negocio para <strong>octubre en China<\/strong>! \ud83e\udd29<\/p>\n\n\n\n<p class=\"has-black-color has-text-color has-link-color wp-elements-385eee3b6cd5af4e5a8ac9be9eb3d966\">Este mes llega cargado de ferias incre\u00edbles para impulsar tu empresa. Desde la manufactura electr\u00f3nica y veh\u00edculos inteligentes, hasta impresi\u00f3n, cer\u00e1mica y art\u00edculos para el hogar, \u00a1hay una oportunidad para ti!<\/p>\n\n\n\n<p class=\"has-black-color has-text-color has-link-color wp-elements-fb7fbab7b920d2067f9e391345d3e378\">1. <strong><strong><strong><strong>NEPCON ASIA 2025 &#8211; ASIA ELECTRONIC AND MICROELECTRONIC PRODUCTION EXPOSITION 2025<\/strong><\/strong><\/strong><\/strong><\/p>\n\n\n\n<p class=\"has-black-color has-text-color has-link-color wp-elements-e445aae0b63ecf782ccc45ff74fedfbe\">Es la mayor exposici\u00f3n de fabricaci\u00f3n electr\u00f3nica en la regi\u00f3n, conectando todo el ecosistema de la fabricaci\u00f3n electr\u00f3nica. Organizado por RX Global (Reed Exhibitions), el evento reunir\u00e1 a 900 expositores y marcas, con la participaci\u00f3n esperada de m\u00e1s de 60,000 compradores de todo el mundo.<\/p>\n\n\n\n<ul class=\"wp-block-list\">\n<li>Componentes electr\u00f3nicos<\/li>\n\n\n\n<li>Equipos de soldadura<\/li>\n\n\n\n<li>Materiales electr\u00f3nicos<\/li>\n\n\n\n<li>Tecnolog\u00eda de visi\u00f3n artificial y sensores<\/li>\n\n\n\n<li>Servicios de fabricaci\u00f3n electr\u00f3nica (EMS)<\/li>\n\n\n\n<li>Equipos de prueba y medici\u00f3n.<br><\/li>\n<\/ul>\n\n\n\n<hr class=\"wp-block-separator has-alpha-channel-opacity is-style-dots\"\/>\n\n\n\n<figure class=\"wp-block-table is-style-regular\"><table class=\"has-black-color has-text-color has-link-color has-fixed-layout\"><tbody><tr><td><strong>Fecha:<\/strong><\/td><td>28 al 30 de octubre de 2025.<\/td><\/tr><tr><td><strong>Ubicaci\u00f3n:<\/strong><\/td><td>Shenzhen World Exhibition &amp; Convention Center. &#8211; <strong>Shenzhen City.<\/strong><\/td><\/tr><\/tbody><\/table><\/figure>\n\n\n\n<p class=\"has-black-color has-text-color has-link-color wp-elements-278958e354828b7197aebe041d4f8979\">2. <strong><strong><strong><strong>AUTO WORLD CHINA 2025 &#8211; CHINA WORLD AUTOMOTIVE FAIR 2025<\/strong><\/strong><\/strong><\/strong><\/p>\n\n\n\n<p class=\"has-black-color has-text-color has-link-color wp-elements-e0559fdc9aae9a4cd57bbe4aaa7e46ba\">Como plataforma l\u00edder mundial centrada en nuevas energ\u00edas avanzadas y tecnolog\u00edas de veh\u00edculos inteligentes, AWC re\u00fane a proveedores de tecnolog\u00eda y fabricantes de autom\u00f3viles a lo largo de toda la cadena de valor de m\u00e1s de 50 pa\u00edses para forjar asociaciones, buscar nuevas inspiraciones y construir negocios.<\/p>\n\n\n\n<ul class=\"wp-block-list\">\n<li>Componentes electr\u00f3nicos automotrices (chips, cables, conectores, circuitos impresos)<\/li>\n\n\n\n<li>Materiales avanzados para autom\u00f3viles (acero, aleaciones, fibra de carbono, pl\u00e1sticos reciclados)<\/li>\n\n\n\n<li>Componentes para veh\u00edculos de nueva energ\u00eda (bater\u00edas, motores el\u00e9ctricos)<\/li>\n\n\n\n<li>Soluciones para veh\u00edculos conectados e inteligentes (sensores, sistemas de navegaci\u00f3n, plataformas de software)<br><\/li>\n<\/ul>\n\n\n\n<hr class=\"wp-block-separator has-alpha-channel-opacity\"\/>\n\n\n\n<figure class=\"wp-block-table\"><table class=\"has-black-color has-text-color has-link-color has-fixed-layout\"><tbody><tr><td><strong>Fecha:<\/strong><\/td><td>28 al 30 de octubre de 2025.<\/td><\/tr><tr><td><strong>Ubicaci\u00f3n:<\/strong><\/td><td>Shenzhen World Exhibition &amp; Convention Center. &#8211; <strong><strong>SHENZHEN CITY<\/strong><\/strong><\/td><\/tr><\/tbody><\/table><\/figure>\n\n\n\n<p class=\"has-black-color has-text-color has-link-color wp-elements-118d138fc2df1f8e9548bff5a72cac22\">3. <strong><strong><strong><strong>REMAX WORLD EXPO<\/strong><\/strong><\/strong><\/strong><\/p>\n\n\n\n<p class=\"has-black-color has-text-color has-link-color wp-elements-909fe0356f9f2affa8bad60335a9c621\">Para ello, el evento ya ha atra\u00eddo a m\u00e1s de 400 expositores y se espera que m\u00e1s de 16,000 compradores profesionales asistan este a\u00f1o.<\/p>\n\n\n\n<ul class=\"wp-block-list\">\n<li>Equipos de impresi\u00f3n y copiado<\/li>\n\n\n\n<li>Consumibles para impresoras\/fotocopiadoras<\/li>\n\n\n\n<li>Componentes y piezas<\/li>\n\n\n\n<li>Materiales especializados<\/li>\n\n\n\n<li>Tecnolog\u00edas emergentes<\/li>\n\n\n\n<li>Papel<\/li>\n\n\n\n<li>Otros suministros de oficina<\/li>\n\n\n\n<li>Sistemas de software y soluciones automatizadas para oficinas.<\/li>\n<\/ul>\n\n\n\n<hr class=\"wp-block-separator has-alpha-channel-opacity\"\/>\n\n\n\n<figure class=\"wp-block-table\"><table class=\"has-black-color has-text-color has-link-color has-fixed-layout\"><tbody><tr><td><strong>Fecha:<\/strong><\/td><td>16 al 18 de octubre de 2025.<\/td><\/tr><tr><td><strong>Ubicaci\u00f3n:<\/strong><\/td><td>Zhuhai International Aviation Exhibition Center &#8211;<strong><strong><strong>Zhuhai City<\/strong><\/strong><\/strong>.<\/td><\/tr><\/tbody><\/table><\/figure>\n\n\n\n<p class=\"has-black-color has-text-color has-link-color wp-elements-7f1e93f468d27ba5d1f5cbe3f334fd11\">4. <strong><strong><strong><strong>CERAMBATH &#8211; CHINA INTERNATIONAL CERAMIC &amp; BATHROOM FAIR<\/strong><\/strong><\/strong><\/strong><\/p>\n\n\n\n<p class=\"has-black-color has-text-color has-link-color wp-elements-63c9fdca20df61924636e57e823046e7\">Reconocida como una de las ferias m\u00e1s influyentes del mundo en su sector, CERAMBATH re\u00fane a m\u00e1s de 800 marcas l\u00edderes y presenta m\u00e1s de 30,000 productos innovadores en azulejos, sanitarios, grifer\u00eda, mobiliario de ba\u00f1o y materiales de construcci\u00f3n.<\/p>\n\n\n\n<ul class=\"wp-block-list\">\n<li>Azulejos cer\u00e1micos y porcel\u00e1nicos<\/li>\n\n\n\n<li>Losas de gran formato<\/li>\n\n\n\n<li>mosaicos decorativos<\/li>\n\n\n\n<li>Sanitarios (inodoros, lavabos, duchas)<\/li>\n\n\n\n<li>Grifer\u00eda y hardware de ba\u00f1o<\/li>\n\n\n\n<li>Tecnolog\u00eda para ba\u00f1os inteligentes<\/li>\n\n\n\n<li>Materiales ecol\u00f3gicos y sostenibles.<\/li>\n<\/ul>\n\n\n\n<hr class=\"wp-block-separator has-alpha-channel-opacity\"\/>\n\n\n\n<figure class=\"wp-block-table\"><table class=\"has-black-color has-text-color has-link-color has-fixed-layout\"><tbody><tr><td><strong>Fecha:<\/strong><\/td><td>18 al 23 de octubre de 2025.<\/td><\/tr><tr><td><strong>Ubicaci\u00f3n:<\/strong><\/td><td>China Ceramics City. &#8211; <strong>Foshan City.<\/strong><\/td><\/tr><\/tbody><\/table><\/figure>\n\n\n\n<p class=\"has-black-color has-text-color has-link-color wp-elements-007bc8d5e719aa4758530666868bc65b\">5. <strong><strong><strong><strong>FILM &amp; TAPE EXPO &#8211; INTERNATIONAL FILMS AND TAPES EXPO<\/strong><\/strong><\/strong><\/strong><\/p>\n\n\n\n<p class=\"has-black-color has-text-color has-link-color wp-elements-f4ed9f3b715cac4761d4409db4e0e617\">Es una de las ferias m\u00e1s importantes a nivel mundial para la industria de pel\u00edculas y cintas, donde se presentan innovaciones en pel\u00edculas funcionales, cintas adhesivas y equipos de procesamiento.<\/p>\n\n\n\n<ul class=\"wp-block-list\">\n<li>Pel\u00edculas funcionales (BOPET, BOPP, PET, fotovoltaicas, etc.)<\/li>\n\n\n\n<li>Cintas adhesivas (electr\u00f3nicas, industriales, de embalaje, etc.)<\/li>\n\n\n\n<li>Equipos de procesamiento (m\u00e1quinas de recubrimiento, corte, etc.)<\/li>\n\n\n\n<li>Materiales auxiliares (espumas, adhesivos, etc.)<\/li>\n\n\n\n<li>Equipos de medici\u00f3n (instrumentos para pruebas de espesor, defectos, etc.).<\/li>\n<\/ul>\n\n\n\n<hr class=\"wp-block-separator has-alpha-channel-opacity\"\/>\n\n\n\n<figure class=\"wp-block-table\"><table class=\"has-black-color has-text-color has-link-color has-fixed-layout\"><tbody><tr><td><strong>Fecha:<\/strong><\/td><td>28 al 30 de octubre de 2025.<\/td><\/tr><tr><td><strong>Ubicaci\u00f3n:<\/strong><\/td><td>Shenzhen World Exhibition &amp; Convention Center. &#8211; <strong><strong>Shenzhen City.<\/strong><\/strong><\/td><\/tr><\/tbody><\/table><\/figure>\n\n\n\n<p class=\"has-black-color has-text-color has-link-color wp-elements-f412a4197dd79065ae46c146716d0daa\">6. <strong><strong><strong><strong><strong>SHENZHEN INTERNATIONAL GIFTS AND HOME PRODUCTS FAIR<\/strong><\/strong><\/strong><\/strong><\/strong><\/p>\n\n\n\n<p class=\"has-black-color has-text-color has-link-color wp-elements-c7c2a89228fdb64f24704260815037df\">Esta feria es una de las m\u00e1s importantes en Asia para la industria de regalos y art\u00edculos para el hogar, atrayendo a miles de expositores y compradores internacionales. M\u00e1s de 5,000 expositores internacionales y 1,000,000 de productos de marcas premium.<\/p>\n\n\n\n<ul class=\"wp-block-list\">\n<li>Electr\u00f3nica de consumo, <\/li>\n\n\n\n<li>Art\u00edculos de decoraci\u00f3n y mobiliario, <\/li>\n\n\n\n<li>Art\u00edculos de cocina y utensilios para el hogar, <\/li>\n\n\n\n<li>Regalos corporativos y promocionales, <\/li>\n\n\n\n<li>Juguetes y art\u00edculos para ni\u00f1os, <\/li>\n\n\n\n<li>Artesan\u00eda y productos de dise\u00f1o original, <\/li>\n\n\n\n<li>Textiles para el hogar, <\/li>\n\n\n\n<li>Art\u00edculos de oficina y papeler\u00eda, <\/li>\n\n\n\n<li>Productos de belleza y cuidado personal, <\/li>\n\n\n\n<li>Electrodom\u00e9sticos y tecnolog\u00eda para el hogar.<\/li>\n<\/ul>\n\n\n\n<p><\/p>\n\n\n\n<figure class=\"wp-block-table\"><table class=\"has-black-color has-text-color has-link-color has-fixed-layout\"><tbody><tr><td><strong>Fecha:<\/strong><\/td><td>20 al 23 de octubre de 2025.<\/td><\/tr><tr><td><strong>Ubicaci\u00f3n:<\/strong><\/td><td>Shenzhen World Exhibition &amp; Convention Center. &#8211; <strong><strong>Shenzhen City.<\/strong><\/strong><\/td><\/tr><\/tbody><\/table><\/figure>\n\n\n\n<h3 class=\"wp-block-heading has-text-align-center has-black-color has-text-color has-link-color wp-elements-36915d84f4e98216b4d458211f2db712\"><strong>\u00bfListo para visitar estas ferias y conectar con l\u00edderes de tu industria?<\/strong><\/h3>\n\n\n\n<p><\/p>\n\n\n\n<div class=\"wp-block-buttons is-layout-flex wp-block-buttons-is-layout-flex\">\n<div class=\"wp-block-button\"><a class=\"wp-block-button__link has-vivid-green-cyan-background-color has-background wp-element-button\" href=\"https:\/\/api.whatsapp.com\/send\/?phone=8613600008314&amp;text&amp;type=phone_number&amp;app_absent=0\">Hablemos por Whatsapp<\/a><\/div>\n<\/div>\n\n\n\n<p><\/p>\n\n\n\n<p class=\"has-black-color has-text-color has-link-color wp-elements-3fd5bb401a4cca8767565e69af481c7f\">No pierdas la oportunidad de participar en las ferias comerciales m\u00e1s importantes de China.<\/p>\n\n\n\n<p class=\"has-black-color has-text-color has-link-color wp-elements-274e7d07f85c74c18dce3d9af0f8a727\">\u00a0<strong>\u00a1Te esperamos en OCTUBRE de 2025! \ud83c\udf1f<\/strong><\/p>\n\n\n\n<p class=\"has-black-color has-text-color has-link-color wp-elements-5b5da33ac4c05a506d5bd3c7398961fe\"><strong>&nbsp;Giselle Bonet<\/strong><\/p>\n","protected":false},"excerpt":{"rendered":"<p>\u00a1Prepara tu negocio para octubre en China! \ud83e\udd29 Este mes llega cargado de ferias incre\u00edbles para impulsar tu empresa. Desde la manufactura electr\u00f3nica y veh\u00edculos inteligentes, hasta impresi\u00f3n, cer\u00e1mica y art\u00edculos para el hogar, \u00a1hay una oportunidad para ti! 1. NEPCON ASIA 2025 &#8211; ASIA ELECTRONIC AND MICROELECTRONIC PRODUCTION EXPOSITION 2025 Es la mayor exposici\u00f3n [&hellip;]<\/p>\n","protected":false},"author":2,"featured_media":80532,"comment_status":"open","ping_status":"closed","sticky":false,"template":"","format":"standard","meta":{"_monsterinsights_skip_tracking":false,"_monsterinsights_sitenote_active":false,"_monsterinsights_sitenote_note":"","_monsterinsights_sitenote_category":0,"_joinchat":[],"footnotes":""},"categories":[153],"tags":[],"class_list":["post-80531","post","type-post","status-publish","format-standard","has-post-thumbnail","hentry","category-ferias"],"yoast_head":"<!-- This site is optimized with the Yoast SEO plugin v27.5 - https:\/\/yoast.com\/product\/yoast-seo-wordpress\/ -->\n<title>Ferias comerciales en China | Octubre \u200b\u200b2025 - Pinchili<\/title>\n<meta name=\"robots\" content=\"index, follow, max-snippet:-1, max-image-preview:large, max-video-preview:-1\" \/>\n<link rel=\"canonical\" href=\"https:\/\/www.pinchili.com\/web\/es\/ferias\/top-20-ferias-clave-mayo-2025-2-3-2\/\" \/>\n<meta property=\"og:locale\" content=\"es_ES\" \/>\n<meta property=\"og:type\" content=\"article\" \/>\n<meta property=\"og:title\" content=\"Ferias comerciales en China | Octubre \u200b\u200b2025 - Pinchili\" \/>\n<meta property=\"og:description\" content=\"\u00a1Prepara tu negocio para octubre en China! \ud83e\udd29 Este mes llega cargado de ferias incre\u00edbles para impulsar tu empresa. Desde la manufactura electr\u00f3nica y veh\u00edculos inteligentes, hasta impresi\u00f3n, cer\u00e1mica y art\u00edculos para el hogar, \u00a1hay una oportunidad para ti! 1. NEPCON ASIA 2025 &#8211; ASIA ELECTRONIC AND MICROELECTRONIC PRODUCTION EXPOSITION 2025 Es la mayor exposici\u00f3n [&hellip;]\" \/>\n<meta property=\"og:url\" content=\"https:\/\/www.pinchili.com\/web\/es\/ferias\/top-20-ferias-clave-mayo-2025-2-3-2\/\" \/>\n<meta property=\"og:site_name\" content=\"Pinchili\" \/>\n<meta property=\"article:publisher\" content=\"https:\/\/www.facebook.com\/pinchilichina\" \/>\n<meta property=\"article:published_time\" content=\"2025-06-23T13:13:22+00:00\" \/>\n<meta property=\"article:modified_time\" content=\"2025-06-23T13:55:44+00:00\" \/>\n<meta property=\"og:image\" content=\"https:\/\/www.pinchili.com\/web\/wp-content\/uploads\/2025\/06\/N08.png\" \/>\n\t<meta property=\"og:image:width\" content=\"650\" \/>\n\t<meta property=\"og:image:height\" content=\"450\" \/>\n\t<meta property=\"og:image:type\" content=\"image\/png\" \/>\n<meta name=\"author\" content=\"Giselle Bonet\" \/>\n<meta name=\"twitter:card\" content=\"summary_large_image\" \/>\n<meta name=\"twitter:creator\" content=\"@pinchili_china\" \/>\n<meta name=\"twitter:site\" content=\"@pinchili_china\" \/>\n<meta name=\"twitter:label1\" content=\"Escrito por\" \/>\n\t<meta name=\"twitter:data1\" content=\"Giselle Bonet\" \/>\n\t<meta name=\"twitter:label2\" content=\"Tiempo de lectura\" \/>\n\t<meta name=\"twitter:data2\" content=\"4 minutos\" \/>\n<script type=\"application\/ld+json\" class=\"yoast-schema-graph\">{\"@context\":\"https:\\\/\\\/schema.org\",\"@graph\":[{\"@type\":\"Article\",\"@id\":\"https:\\\/\\\/www.pinchili.com\\\/web\\\/es\\\/ferias\\\/top-20-ferias-clave-mayo-2025-2-3-2\\\/#article\",\"isPartOf\":{\"@id\":\"https:\\\/\\\/www.pinchili.com\\\/web\\\/es\\\/ferias\\\/top-20-ferias-clave-mayo-2025-2-3-2\\\/\"},\"author\":{\"name\":\"Giselle Bonet\",\"@id\":\"https:\\\/\\\/www.pinchili.com\\\/web\\\/#\\\/schema\\\/person\\\/cdd47784eb753327766f76eb55cf2812\"},\"headline\":\"Ferias comerciales en China | Octubre \u200b\u200b2025\",\"datePublished\":\"2025-06-23T13:13:22+00:00\",\"dateModified\":\"2025-06-23T13:55:44+00:00\",\"mainEntityOfPage\":{\"@id\":\"https:\\\/\\\/www.pinchili.com\\\/web\\\/es\\\/ferias\\\/top-20-ferias-clave-mayo-2025-2-3-2\\\/\"},\"wordCount\":726,\"commentCount\":0,\"publisher\":{\"@id\":\"https:\\\/\\\/www.pinchili.com\\\/web\\\/#organization\"},\"image\":{\"@id\":\"https:\\\/\\\/www.pinchili.com\\\/web\\\/es\\\/ferias\\\/top-20-ferias-clave-mayo-2025-2-3-2\\\/#primaryimage\"},\"thumbnailUrl\":\"https:\\\/\\\/www.pinchili.com\\\/web\\\/wp-content\\\/uploads\\\/2025\\\/06\\\/N08.png\",\"articleSection\":[\"Ferias\"],\"inLanguage\":\"es\",\"potentialAction\":[{\"@type\":\"CommentAction\",\"name\":\"Comment\",\"target\":[\"https:\\\/\\\/www.pinchili.com\\\/web\\\/es\\\/ferias\\\/top-20-ferias-clave-mayo-2025-2-3-2\\\/#respond\"]}]},{\"@type\":\"WebPage\",\"@id\":\"https:\\\/\\\/www.pinchili.com\\\/web\\\/es\\\/ferias\\\/top-20-ferias-clave-mayo-2025-2-3-2\\\/\",\"url\":\"https:\\\/\\\/www.pinchili.com\\\/web\\\/es\\\/ferias\\\/top-20-ferias-clave-mayo-2025-2-3-2\\\/\",\"name\":\"Ferias comerciales en China | Octubre \u200b\u200b2025 - Pinchili\",\"isPartOf\":{\"@id\":\"https:\\\/\\\/www.pinchili.com\\\/web\\\/#website\"},\"primaryImageOfPage\":{\"@id\":\"https:\\\/\\\/www.pinchili.com\\\/web\\\/es\\\/ferias\\\/top-20-ferias-clave-mayo-2025-2-3-2\\\/#primaryimage\"},\"image\":{\"@id\":\"https:\\\/\\\/www.pinchili.com\\\/web\\\/es\\\/ferias\\\/top-20-ferias-clave-mayo-2025-2-3-2\\\/#primaryimage\"},\"thumbnailUrl\":\"https:\\\/\\\/www.pinchili.com\\\/web\\\/wp-content\\\/uploads\\\/2025\\\/06\\\/N08.png\",\"datePublished\":\"2025-06-23T13:13:22+00:00\",\"dateModified\":\"2025-06-23T13:55:44+00:00\",\"breadcrumb\":{\"@id\":\"https:\\\/\\\/www.pinchili.com\\\/web\\\/es\\\/ferias\\\/top-20-ferias-clave-mayo-2025-2-3-2\\\/#breadcrumb\"},\"inLanguage\":\"es\",\"potentialAction\":[{\"@type\":\"ReadAction\",\"target\":[\"https:\\\/\\\/www.pinchili.com\\\/web\\\/es\\\/ferias\\\/top-20-ferias-clave-mayo-2025-2-3-2\\\/\"]}]},{\"@type\":\"ImageObject\",\"inLanguage\":\"es\",\"@id\":\"https:\\\/\\\/www.pinchili.com\\\/web\\\/es\\\/ferias\\\/top-20-ferias-clave-mayo-2025-2-3-2\\\/#primaryimage\",\"url\":\"https:\\\/\\\/www.pinchili.com\\\/web\\\/wp-content\\\/uploads\\\/2025\\\/06\\\/N08.png\",\"contentUrl\":\"https:\\\/\\\/www.pinchili.com\\\/web\\\/wp-content\\\/uploads\\\/2025\\\/06\\\/N08.png\",\"width\":650,\"height\":450},{\"@type\":\"BreadcrumbList\",\"@id\":\"https:\\\/\\\/www.pinchili.com\\\/web\\\/es\\\/ferias\\\/top-20-ferias-clave-mayo-2025-2-3-2\\\/#breadcrumb\",\"itemListElement\":[{\"@type\":\"ListItem\",\"position\":1,\"name\":\"Portada\",\"item\":\"https:\\\/\\\/www.pinchili.com\\\/web\\\/es\\\/pinchili-2\\\/\"},{\"@type\":\"ListItem\",\"position\":2,\"name\":\"Ferias comerciales en China | Octubre \u200b\u200b2025\"}]},{\"@type\":\"WebSite\",\"@id\":\"https:\\\/\\\/www.pinchili.com\\\/web\\\/#website\",\"url\":\"https:\\\/\\\/www.pinchili.com\\\/web\\\/\",\"name\":\"Pinchili\",\"description\":\"Inspecciones de Calidad en China\",\"publisher\":{\"@id\":\"https:\\\/\\\/www.pinchili.com\\\/web\\\/#organization\"},\"potentialAction\":[{\"@type\":\"SearchAction\",\"target\":{\"@type\":\"EntryPoint\",\"urlTemplate\":\"https:\\\/\\\/www.pinchili.com\\\/web\\\/?s={search_term_string}\"},\"query-input\":{\"@type\":\"PropertyValueSpecification\",\"valueRequired\":true,\"valueName\":\"search_term_string\"}}],\"inLanguage\":\"es\"},{\"@type\":\"Organization\",\"@id\":\"https:\\\/\\\/www.pinchili.com\\\/web\\\/#organization\",\"name\":\"Pinchili\",\"url\":\"https:\\\/\\\/www.pinchili.com\\\/web\\\/\",\"logo\":{\"@type\":\"ImageObject\",\"inLanguage\":\"es\",\"@id\":\"https:\\\/\\\/www.pinchili.com\\\/web\\\/#\\\/schema\\\/logo\\\/image\\\/\",\"url\":\"https:\\\/\\\/www.pinchili.com\\\/web\\\/wp-content\\\/uploads\\\/2015\\\/10\\\/nosotros.jpg\",\"contentUrl\":\"https:\\\/\\\/www.pinchili.com\\\/web\\\/wp-content\\\/uploads\\\/2015\\\/10\\\/nosotros.jpg\",\"width\":504,\"height\":442,\"caption\":\"Pinchili\"},\"image\":{\"@id\":\"https:\\\/\\\/www.pinchili.com\\\/web\\\/#\\\/schema\\\/logo\\\/image\\\/\"},\"sameAs\":[\"https:\\\/\\\/www.facebook.com\\\/pinchilichina\",\"https:\\\/\\\/x.com\\\/pinchili_china\",\"http:\\\/\\\/instagram.com\\\/pinchilichina\",\"https:\\\/\\\/www.youtube.com\\\/channel\\\/UCLfdc6OgDQLsphKhbESBmAg\"]},{\"@type\":\"Person\",\"@id\":\"https:\\\/\\\/www.pinchili.com\\\/web\\\/#\\\/schema\\\/person\\\/cdd47784eb753327766f76eb55cf2812\",\"name\":\"Giselle Bonet\",\"image\":{\"@type\":\"ImageObject\",\"inLanguage\":\"es\",\"@id\":\"https:\\\/\\\/secure.gravatar.com\\\/avatar\\\/692055b0a7688fbeec4514f57e9ff5e6cd39a1ccce1c3383a87fa4fa855d22fa?s=96&d=mm&r=g\",\"url\":\"https:\\\/\\\/secure.gravatar.com\\\/avatar\\\/692055b0a7688fbeec4514f57e9ff5e6cd39a1ccce1c3383a87fa4fa855d22fa?s=96&d=mm&r=g\",\"contentUrl\":\"https:\\\/\\\/secure.gravatar.com\\\/avatar\\\/692055b0a7688fbeec4514f57e9ff5e6cd39a1ccce1c3383a87fa4fa855d22fa?s=96&d=mm&r=g\",\"caption\":\"Giselle Bonet\"},\"sameAs\":[\"http:\\\/\\\/www.pinchili.com\\\/web\\\/\"],\"url\":\"https:\\\/\\\/www.pinchili.com\\\/web\\\/author\\\/giselle\\\/\"}]}<\/script>\n<!-- \/ Yoast SEO plugin. -->","yoast_head_json":{"title":"Ferias comerciales en China | Octubre \u200b\u200b2025 - Pinchili","robots":{"index":"index","follow":"follow","max-snippet":"max-snippet:-1","max-image-preview":"max-image-preview:large","max-video-preview":"max-video-preview:-1"},"canonical":"https:\/\/www.pinchili.com\/web\/es\/ferias\/top-20-ferias-clave-mayo-2025-2-3-2\/","og_locale":"es_ES","og_type":"article","og_title":"Ferias comerciales en China | Octubre \u200b\u200b2025 - Pinchili","og_description":"\u00a1Prepara tu negocio para octubre en China! \ud83e\udd29 Este mes llega cargado de ferias incre\u00edbles para impulsar tu empresa. Desde la manufactura electr\u00f3nica y veh\u00edculos inteligentes, hasta impresi\u00f3n, cer\u00e1mica y art\u00edculos para el hogar, \u00a1hay una oportunidad para ti! 1. NEPCON ASIA 2025 &#8211; ASIA ELECTRONIC AND MICROELECTRONIC PRODUCTION EXPOSITION 2025 Es la mayor exposici\u00f3n [&hellip;]","og_url":"https:\/\/www.pinchili.com\/web\/es\/ferias\/top-20-ferias-clave-mayo-2025-2-3-2\/","og_site_name":"Pinchili","article_publisher":"https:\/\/www.facebook.com\/pinchilichina","article_published_time":"2025-06-23T13:13:22+00:00","article_modified_time":"2025-06-23T13:55:44+00:00","og_image":[{"width":650,"height":450,"url":"https:\/\/www.pinchili.com\/web\/wp-content\/uploads\/2025\/06\/N08.png","type":"image\/png"}],"author":"Giselle Bonet","twitter_card":"summary_large_image","twitter_creator":"@pinchili_china","twitter_site":"@pinchili_china","twitter_misc":{"Escrito por":"Giselle Bonet","Tiempo de lectura":"4 minutos"},"schema":{"@context":"https:\/\/schema.org","@graph":[{"@type":"Article","@id":"https:\/\/www.pinchili.com\/web\/es\/ferias\/top-20-ferias-clave-mayo-2025-2-3-2\/#article","isPartOf":{"@id":"https:\/\/www.pinchili.com\/web\/es\/ferias\/top-20-ferias-clave-mayo-2025-2-3-2\/"},"author":{"name":"Giselle Bonet","@id":"https:\/\/www.pinchili.com\/web\/#\/schema\/person\/cdd47784eb753327766f76eb55cf2812"},"headline":"Ferias comerciales en China | Octubre \u200b\u200b2025","datePublished":"2025-06-23T13:13:22+00:00","dateModified":"2025-06-23T13:55:44+00:00","mainEntityOfPage":{"@id":"https:\/\/www.pinchili.com\/web\/es\/ferias\/top-20-ferias-clave-mayo-2025-2-3-2\/"},"wordCount":726,"commentCount":0,"publisher":{"@id":"https:\/\/www.pinchili.com\/web\/#organization"},"image":{"@id":"https:\/\/www.pinchili.com\/web\/es\/ferias\/top-20-ferias-clave-mayo-2025-2-3-2\/#primaryimage"},"thumbnailUrl":"https:\/\/www.pinchili.com\/web\/wp-content\/uploads\/2025\/06\/N08.png","articleSection":["Ferias"],"inLanguage":"es","potentialAction":[{"@type":"CommentAction","name":"Comment","target":["https:\/\/www.pinchili.com\/web\/es\/ferias\/top-20-ferias-clave-mayo-2025-2-3-2\/#respond"]}]},{"@type":"WebPage","@id":"https:\/\/www.pinchili.com\/web\/es\/ferias\/top-20-ferias-clave-mayo-2025-2-3-2\/","url":"https:\/\/www.pinchili.com\/web\/es\/ferias\/top-20-ferias-clave-mayo-2025-2-3-2\/","name":"Ferias comerciales en China | Octubre \u200b\u200b2025 - Pinchili","isPartOf":{"@id":"https:\/\/www.pinchili.com\/web\/#website"},"primaryImageOfPage":{"@id":"https:\/\/www.pinchili.com\/web\/es\/ferias\/top-20-ferias-clave-mayo-2025-2-3-2\/#primaryimage"},"image":{"@id":"https:\/\/www.pinchili.com\/web\/es\/ferias\/top-20-ferias-clave-mayo-2025-2-3-2\/#primaryimage"},"thumbnailUrl":"https:\/\/www.pinchili.com\/web\/wp-content\/uploads\/2025\/06\/N08.png","datePublished":"2025-06-23T13:13:22+00:00","dateModified":"2025-06-23T13:55:44+00:00","breadcrumb":{"@id":"https:\/\/www.pinchili.com\/web\/es\/ferias\/top-20-ferias-clave-mayo-2025-2-3-2\/#breadcrumb"},"inLanguage":"es","potentialAction":[{"@type":"ReadAction","target":["https:\/\/www.pinchili.com\/web\/es\/ferias\/top-20-ferias-clave-mayo-2025-2-3-2\/"]}]},{"@type":"ImageObject","inLanguage":"es","@id":"https:\/\/www.pinchili.com\/web\/es\/ferias\/top-20-ferias-clave-mayo-2025-2-3-2\/#primaryimage","url":"https:\/\/www.pinchili.com\/web\/wp-content\/uploads\/2025\/06\/N08.png","contentUrl":"https:\/\/www.pinchili.com\/web\/wp-content\/uploads\/2025\/06\/N08.png","width":650,"height":450},{"@type":"BreadcrumbList","@id":"https:\/\/www.pinchili.com\/web\/es\/ferias\/top-20-ferias-clave-mayo-2025-2-3-2\/#breadcrumb","itemListElement":[{"@type":"ListItem","position":1,"name":"Portada","item":"https:\/\/www.pinchili.com\/web\/es\/pinchili-2\/"},{"@type":"ListItem","position":2,"name":"Ferias comerciales en China | Octubre \u200b\u200b2025"}]},{"@type":"WebSite","@id":"https:\/\/www.pinchili.com\/web\/#website","url":"https:\/\/www.pinchili.com\/web\/","name":"Pinchili","description":"Inspecciones de Calidad en China","publisher":{"@id":"https:\/\/www.pinchili.com\/web\/#organization"},"potentialAction":[{"@type":"SearchAction","target":{"@type":"EntryPoint","urlTemplate":"https:\/\/www.pinchili.com\/web\/?s={search_term_string}"},"query-input":{"@type":"PropertyValueSpecification","valueRequired":true,"valueName":"search_term_string"}}],"inLanguage":"es"},{"@type":"Organization","@id":"https:\/\/www.pinchili.com\/web\/#organization","name":"Pinchili","url":"https:\/\/www.pinchili.com\/web\/","logo":{"@type":"ImageObject","inLanguage":"es","@id":"https:\/\/www.pinchili.com\/web\/#\/schema\/logo\/image\/","url":"https:\/\/www.pinchili.com\/web\/wp-content\/uploads\/2015\/10\/nosotros.jpg","contentUrl":"https:\/\/www.pinchili.com\/web\/wp-content\/uploads\/2015\/10\/nosotros.jpg","width":504,"height":442,"caption":"Pinchili"},"image":{"@id":"https:\/\/www.pinchili.com\/web\/#\/schema\/logo\/image\/"},"sameAs":["https:\/\/www.facebook.com\/pinchilichina","https:\/\/x.com\/pinchili_china","http:\/\/instagram.com\/pinchilichina","https:\/\/www.youtube.com\/channel\/UCLfdc6OgDQLsphKhbESBmAg"]},{"@type":"Person","@id":"https:\/\/www.pinchili.com\/web\/#\/schema\/person\/cdd47784eb753327766f76eb55cf2812","name":"Giselle Bonet","image":{"@type":"ImageObject","inLanguage":"es","@id":"https:\/\/secure.gravatar.com\/avatar\/692055b0a7688fbeec4514f57e9ff5e6cd39a1ccce1c3383a87fa4fa855d22fa?s=96&d=mm&r=g","url":"https:\/\/secure.gravatar.com\/avatar\/692055b0a7688fbeec4514f57e9ff5e6cd39a1ccce1c3383a87fa4fa855d22fa?s=96&d=mm&r=g","contentUrl":"https:\/\/secure.gravatar.com\/avatar\/692055b0a7688fbeec4514f57e9ff5e6cd39a1ccce1c3383a87fa4fa855d22fa?s=96&d=mm&r=g","caption":"Giselle Bonet"},"sameAs":["http:\/\/www.pinchili.com\/web\/"],"url":"https:\/\/www.pinchili.com\/web\/author\/giselle\/"}]}},"_links":{"self":[{"href":"https:\/\/www.pinchili.com\/web\/wp-json\/wp\/v2\/posts\/80531","targetHints":{"allow":["GET"]}}],"collection":[{"href":"https:\/\/www.pinchili.com\/web\/wp-json\/wp\/v2\/posts"}],"about":[{"href":"https:\/\/www.pinchili.com\/web\/wp-json\/wp\/v2\/types\/post"}],"author":[{"embeddable":true,"href":"https:\/\/www.pinchili.com\/web\/wp-json\/wp\/v2\/users\/2"}],"replies":[{"embeddable":true,"href":"https:\/\/www.pinchili.com\/web\/wp-json\/wp\/v2\/comments?post=80531"}],"version-history":[{"count":3,"href":"https:\/\/www.pinchili.com\/web\/wp-json\/wp\/v2\/posts\/80531\/revisions"}],"predecessor-version":[{"id":80537,"href":"https:\/\/www.pinchili.com\/web\/wp-json\/wp\/v2\/posts\/80531\/revisions\/80537"}],"wp:featuredmedia":[{"embeddable":true,"href":"https:\/\/www.pinchili.com\/web\/wp-json\/wp\/v2\/media\/80532"}],"wp:attachment":[{"href":"https:\/\/www.pinchili.com\/web\/wp-json\/wp\/v2\/media?parent=80531"}],"wp:term":[{"taxonomy":"category","embeddable":true,"href":"https:\/\/www.pinchili.com\/web\/wp-json\/wp\/v2\/categories?post=80531"},{"taxonomy":"post_tag","embeddable":true,"href":"https:\/\/www.pinchili.com\/web\/wp-json\/wp\/v2\/tags?post=80531"}],"curies":[{"name":"wp","href":"https:\/\/api.w.org\/{rel}","templated":true}]}}